{"id":1046,"date":"2014-07-28T10:52:11","date_gmt":"2014-07-28T09:52:11","guid":{"rendered":"https:\/\/www.iberfoil.com\/?p=1046"},"modified":"2020-07-30T11:48:18","modified_gmt":"2020-07-30T11:48:18","slug":"iberfoil-chauffe-moteurs","status":"publish","type":"post","link":"https:\/\/www.iberfoil.com\/fr\/iberfoil-chauffe-moteurs\/","title":{"rendered":"IBERFOIL Chauffe Moteurs"},"content":{"rendered":"<p style=\"text-align: justify;\">Pendant cette semaine, la nouvelle usine d\u2019IBERFOIL \u00e0 Sabi\u00f1\u00e1nigo commencera \u00e0 pr\u00e9parer tous ses mat\u00e9riaux industriels, en testant tous les s\u00e9curit\u00e9s \u00e9lectriques et m\u00e9caniques ainsi que des essais avec tout la machinerie vide, afin d\u2019\u00eatre pr\u00eats pour initier la production de commande des clients vers les premi\u00e8res jours d\u2019aout.<\/p>\n<p style=\"text-align: justify;\">Cette semaine aussi, une importante \u00e9quipe de techniciens et sp\u00e9cialistes m\u00e9caniques, \u00e9lectriques et \u00e9lectroniques ont \u00e9t\u00e9 incorpor\u00e9s au personnel\u00a0d\u2019IBERFOIL pour r\u00e9aliser tous ces essais avant d\u2019ouvrir l\u2019usine.<\/p>\n<p style=\"text-align: justify;\">Les premi\u00e8res commandes des clients ont commenc\u00e9s \u00e0 arriver surtout des clients Espagnols, Allemagnes et Fran\u00e7ais depuis le derni\u00e8re 21 juillet 2014, avec des mat\u00e9riaux destin\u00e9es au secteur d\u2019emballage flexible et de r\u00e9cipients pour la pharmacie. Les nouveaux d\u00e9lais de livraison d\u2019IBERFOIL, sont estim\u00e9s autour la derni\u00e8re semaine d\u2019aout et la premi\u00e8re de septembre, quand l\u2019usine sera normalement en travaillant en pleine activit\u00e9.<\/p>\n<p>&nbsp;<\/p>\n","protected":false},"excerpt":{"rendered":"<p>Pendant cette semaine, la nouvelle usine d\u2019IBERFOIL \u00e0 Sabi\u00f1\u00e1nigo commencera \u00e0 pr\u00e9parer tous ses mat\u00e9riaux industriels, en testant tous les s\u00e9curit\u00e9s \u00e9lectriques et m\u00e9caniques ainsi que des essais avec tout la machinerie vide, afin d\u2019\u00eatre pr\u00eats pour initier la production de commande des clients vers les premi\u00e8res jours d\u2019aout. Cette semaine aussi, une importante \u00e9quipe [&hellip;]<\/p>\n","protected":false},"author":1,"featured_media":4950,"comment_status":"closed","ping_status":"open","sticky":false,"template":"","format":"standard","meta":{"footnotes":""},"categories":[3],"tags":[],"class_list":["post-1046","post","type-post","status-publish","format-standard","has-post-thumbnail","hentry","category-nouvelles"],"yoast_head":"<!-- This site is optimized with the Yoast SEO plugin v27.2 - https:\/\/yoast.com\/product\/yoast-seo-wordpress\/ -->\n<title>IBERFOIL Chauffe Moteurs | Iberfoil<\/title>\n<meta name=\"description\" content=\"Pendant cette semaine, la nouvelle usine d\u2019IBERFOIL \u00e0 Sabi\u00f1\u00e1nigo commencera \u00e0 pr\u00e9parer tous ses mat\u00e9riaux industriels.\" \/>\n<meta name=\"robots\" content=\"index, follow, max-snippet:-1, max-image-preview:large, max-video-preview:-1\" \/>\n<link rel=\"canonical\" href=\"https:\/\/www.iberfoil.com\/fr\/iberfoil-chauffe-moteurs\/\" \/>\n<meta property=\"og:locale\" content=\"fr_FR\" \/>\n<meta property=\"og:type\" content=\"article\" \/>\n<meta property=\"og:title\" content=\"IBERFOIL Chauffe Moteurs | Iberfoil\" \/>\n<meta property=\"og:description\" content=\"Pendant cette semaine, la nouvelle usine d\u2019IBERFOIL \u00e0 Sabi\u00f1\u00e1nigo commencera \u00e0 pr\u00e9parer tous ses mat\u00e9riaux industriels.\" \/>\n<meta property=\"og:url\" content=\"https:\/\/www.iberfoil.com\/fr\/iberfoil-chauffe-moteurs\/\" \/>\n<meta property=\"og:site_name\" content=\"Iberfoil\" \/>\n<meta property=\"article:published_time\" content=\"2014-07-28T09:52:11+00:00\" \/>\n<meta property=\"article:modified_time\" content=\"2020-07-30T11:48:18+00:00\" \/>\n<meta property=\"og:image\" content=\"https:\/\/www.iberfoil.com\/wp-content\/uploads\/2014\/07\/noticia-iberfoil-calienta-motores-300x210.jpg\" \/>\n\t<meta property=\"og:image:width\" content=\"300\" \/>\n\t<meta property=\"og:image:height\" content=\"210\" \/>\n\t<meta property=\"og:image:type\" content=\"image\/jpeg\" \/>\n<meta name=\"author\" content=\"jcalero\" \/>\n<meta name=\"twitter:card\" content=\"summary_large_image\" \/>\n<meta name=\"twitter:label1\" content=\"\u00c9crit par\" \/>\n\t<meta name=\"twitter:data1\" content=\"jcalero\" \/>\n\t<meta name=\"twitter:label2\" content=\"Dur\u00e9e de lecture estim\u00e9e\" \/>\n\t<meta name=\"twitter:data2\" content=\"1 minute\" \/>\n<script type=\"application\/ld+json\" class=\"yoast-schema-graph\">{\"@context\":\"https:\/\/schema.org\",\"@graph\":[{\"@type\":\"Article\",\"@id\":\"https:\/\/www.iberfoil.com\/fr\/iberfoil-chauffe-moteurs\/#article\",\"isPartOf\":{\"@id\":\"https:\/\/www.iberfoil.com\/fr\/iberfoil-chauffe-moteurs\/\"},\"author\":{\"name\":\"jcalero\",\"@id\":\"https:\/\/www.iberfoil.com\/#\/schema\/person\/723553d521d7f650c7e256eb7336739a\"},\"headline\":\"IBERFOIL Chauffe Moteurs\",\"datePublished\":\"2014-07-28T09:52:11+00:00\",\"dateModified\":\"2020-07-30T11:48:18+00:00\",\"mainEntityOfPage\":{\"@id\":\"https:\/\/www.iberfoil.com\/fr\/iberfoil-chauffe-moteurs\/\"},\"wordCount\":172,\"publisher\":{\"@id\":\"https:\/\/www.iberfoil.com\/#organization\"},\"image\":{\"@id\":\"https:\/\/www.iberfoil.com\/fr\/iberfoil-chauffe-moteurs\/#primaryimage\"},\"thumbnailUrl\":\"https:\/\/www.iberfoil.com\/wp-content\/uploads\/2014\/07\/noticia-iberfoil-calienta-motores-300x210.jpg\",\"articleSection\":[\"Nouvelles\"],\"inLanguage\":\"fr-FR\"},{\"@type\":\"WebPage\",\"@id\":\"https:\/\/www.iberfoil.com\/fr\/iberfoil-chauffe-moteurs\/\",\"url\":\"https:\/\/www.iberfoil.com\/fr\/iberfoil-chauffe-moteurs\/\",\"name\":\"IBERFOIL Chauffe Moteurs | Iberfoil\",\"isPartOf\":{\"@id\":\"https:\/\/www.iberfoil.com\/#website\"},\"primaryImageOfPage\":{\"@id\":\"https:\/\/www.iberfoil.com\/fr\/iberfoil-chauffe-moteurs\/#primaryimage\"},\"image\":{\"@id\":\"https:\/\/www.iberfoil.com\/fr\/iberfoil-chauffe-moteurs\/#primaryimage\"},\"thumbnailUrl\":\"https:\/\/www.iberfoil.com\/wp-content\/uploads\/2014\/07\/noticia-iberfoil-calienta-motores-300x210.jpg\",\"datePublished\":\"2014-07-28T09:52:11+00:00\",\"dateModified\":\"2020-07-30T11:48:18+00:00\",\"description\":\"Pendant cette semaine, la nouvelle usine d\u2019IBERFOIL \u00e0 Sabi\u00f1\u00e1nigo commencera \u00e0 pr\u00e9parer tous ses mat\u00e9riaux industriels.\",\"breadcrumb\":{\"@id\":\"https:\/\/www.iberfoil.com\/fr\/iberfoil-chauffe-moteurs\/#breadcrumb\"},\"inLanguage\":\"fr-FR\",\"potentialAction\":[{\"@type\":\"ReadAction\",\"target\":[\"https:\/\/www.iberfoil.com\/fr\/iberfoil-chauffe-moteurs\/\"]}]},{\"@type\":\"ImageObject\",\"inLanguage\":\"fr-FR\",\"@id\":\"https:\/\/www.iberfoil.com\/fr\/iberfoil-chauffe-moteurs\/#primaryimage\",\"url\":\"https:\/\/www.iberfoil.com\/wp-content\/uploads\/2014\/07\/noticia-iberfoil-calienta-motores-300x210.jpg\",\"contentUrl\":\"https:\/\/www.iberfoil.com\/wp-content\/uploads\/2014\/07\/noticia-iberfoil-calienta-motores-300x210.jpg\",\"width\":300,\"height\":210},{\"@type\":\"BreadcrumbList\",\"@id\":\"https:\/\/www.iberfoil.com\/fr\/iberfoil-chauffe-moteurs\/#breadcrumb\",\"itemListElement\":[{\"@type\":\"ListItem\",\"position\":1,\"name\":\"Portada\",\"item\":\"https:\/\/www.iberfoil.com\/fr\/\"},{\"@type\":\"ListItem\",\"position\":2,\"name\":\"IBERFOIL Chauffe Moteurs\"}]},{\"@type\":\"WebSite\",\"@id\":\"https:\/\/www.iberfoil.com\/#website\",\"url\":\"https:\/\/www.iberfoil.com\/\",\"name\":\"Iberfoil\",\"description\":\"Fabricaci\u00f3n de aluminio\",\"publisher\":{\"@id\":\"https:\/\/www.iberfoil.com\/#organization\"},\"potentialAction\":[{\"@type\":\"SearchAction\",\"target\":{\"@type\":\"EntryPoint\",\"urlTemplate\":\"https:\/\/www.iberfoil.com\/?s={search_term_string}\"},\"query-input\":{\"@type\":\"PropertyValueSpecification\",\"valueRequired\":true,\"valueName\":\"search_term_string\"}}],\"inLanguage\":\"fr-FR\"},{\"@type\":\"Organization\",\"@id\":\"https:\/\/www.iberfoil.com\/#organization\",\"name\":\"Iberfoil\",\"url\":\"https:\/\/www.iberfoil.com\/\",\"logo\":{\"@type\":\"ImageObject\",\"inLanguage\":\"fr-FR\",\"@id\":\"https:\/\/www.iberfoil.com\/#\/schema\/logo\/image\/\",\"url\":\"https:\/\/www.iberfoil.com\/wp-content\/uploads\/2020\/06\/logo-iberfoil.png\",\"contentUrl\":\"https:\/\/www.iberfoil.com\/wp-content\/uploads\/2020\/06\/logo-iberfoil.png\",\"width\":350,\"height\":198,\"caption\":\"Iberfoil\"},\"image\":{\"@id\":\"https:\/\/www.iberfoil.com\/#\/schema\/logo\/image\/\"}},{\"@type\":\"Person\",\"@id\":\"https:\/\/www.iberfoil.com\/#\/schema\/person\/723553d521d7f650c7e256eb7336739a\",\"name\":\"jcalero\",\"image\":{\"@type\":\"ImageObject\",\"inLanguage\":\"fr-FR\",\"@id\":\"https:\/\/secure.gravatar.com\/avatar\/abceab9496bb8b2c9afa5b7e5f1e0efe6926af4346a365da367f84b30e38ceed?s=96&d=mm&r=g\",\"url\":\"https:\/\/secure.gravatar.com\/avatar\/abceab9496bb8b2c9afa5b7e5f1e0efe6926af4346a365da367f84b30e38ceed?s=96&d=mm&r=g\",\"contentUrl\":\"https:\/\/secure.gravatar.com\/avatar\/abceab9496bb8b2c9afa5b7e5f1e0efe6926af4346a365da367f84b30e38ceed?s=96&d=mm&r=g\",\"caption\":\"jcalero\"},\"sameAs\":[\"http:\/\/iberfoil.evualahosting.es\"],\"url\":\"https:\/\/www.iberfoil.com\/fr\/author\/jcalero\/\"}]}<\/script>\n<!-- \/ Yoast SEO plugin. -->","yoast_head_json":{"title":"IBERFOIL Chauffe Moteurs | Iberfoil","description":"Pendant cette semaine, la nouvelle usine d\u2019IBERFOIL \u00e0 Sabi\u00f1\u00e1nigo commencera \u00e0 pr\u00e9parer tous ses mat\u00e9riaux industriels.","robots":{"index":"index","follow":"follow","max-snippet":"max-snippet:-1","max-image-preview":"max-image-preview:large","max-video-preview":"max-video-preview:-1"},"canonical":"https:\/\/www.iberfoil.com\/fr\/iberfoil-chauffe-moteurs\/","og_locale":"fr_FR","og_type":"article","og_title":"IBERFOIL Chauffe Moteurs | Iberfoil","og_description":"Pendant cette semaine, la nouvelle usine d\u2019IBERFOIL \u00e0 Sabi\u00f1\u00e1nigo commencera \u00e0 pr\u00e9parer tous ses mat\u00e9riaux industriels.","og_url":"https:\/\/www.iberfoil.com\/fr\/iberfoil-chauffe-moteurs\/","og_site_name":"Iberfoil","article_published_time":"2014-07-28T09:52:11+00:00","article_modified_time":"2020-07-30T11:48:18+00:00","og_image":[{"width":300,"height":210,"url":"https:\/\/www.iberfoil.com\/wp-content\/uploads\/2014\/07\/noticia-iberfoil-calienta-motores-300x210.jpg","type":"image\/jpeg"}],"author":"jcalero","twitter_card":"summary_large_image","twitter_misc":{"\u00c9crit par":"jcalero","Dur\u00e9e de lecture estim\u00e9e":"1 minute"},"schema":{"@context":"https:\/\/schema.org","@graph":[{"@type":"Article","@id":"https:\/\/www.iberfoil.com\/fr\/iberfoil-chauffe-moteurs\/#article","isPartOf":{"@id":"https:\/\/www.iberfoil.com\/fr\/iberfoil-chauffe-moteurs\/"},"author":{"name":"jcalero","@id":"https:\/\/www.iberfoil.com\/#\/schema\/person\/723553d521d7f650c7e256eb7336739a"},"headline":"IBERFOIL Chauffe Moteurs","datePublished":"2014-07-28T09:52:11+00:00","dateModified":"2020-07-30T11:48:18+00:00","mainEntityOfPage":{"@id":"https:\/\/www.iberfoil.com\/fr\/iberfoil-chauffe-moteurs\/"},"wordCount":172,"publisher":{"@id":"https:\/\/www.iberfoil.com\/#organization"},"image":{"@id":"https:\/\/www.iberfoil.com\/fr\/iberfoil-chauffe-moteurs\/#primaryimage"},"thumbnailUrl":"https:\/\/www.iberfoil.com\/wp-content\/uploads\/2014\/07\/noticia-iberfoil-calienta-motores-300x210.jpg","articleSection":["Nouvelles"],"inLanguage":"fr-FR"},{"@type":"WebPage","@id":"https:\/\/www.iberfoil.com\/fr\/iberfoil-chauffe-moteurs\/","url":"https:\/\/www.iberfoil.com\/fr\/iberfoil-chauffe-moteurs\/","name":"IBERFOIL Chauffe Moteurs | Iberfoil","isPartOf":{"@id":"https:\/\/www.iberfoil.com\/#website"},"primaryImageOfPage":{"@id":"https:\/\/www.iberfoil.com\/fr\/iberfoil-chauffe-moteurs\/#primaryimage"},"image":{"@id":"https:\/\/www.iberfoil.com\/fr\/iberfoil-chauffe-moteurs\/#primaryimage"},"thumbnailUrl":"https:\/\/www.iberfoil.com\/wp-content\/uploads\/2014\/07\/noticia-iberfoil-calienta-motores-300x210.jpg","datePublished":"2014-07-28T09:52:11+00:00","dateModified":"2020-07-30T11:48:18+00:00","description":"Pendant cette semaine, la nouvelle usine d\u2019IBERFOIL \u00e0 Sabi\u00f1\u00e1nigo commencera \u00e0 pr\u00e9parer tous ses mat\u00e9riaux industriels.","breadcrumb":{"@id":"https:\/\/www.iberfoil.com\/fr\/iberfoil-chauffe-moteurs\/#breadcrumb"},"inLanguage":"fr-FR","potentialAction":[{"@type":"ReadAction","target":["https:\/\/www.iberfoil.com\/fr\/iberfoil-chauffe-moteurs\/"]}]},{"@type":"ImageObject","inLanguage":"fr-FR","@id":"https:\/\/www.iberfoil.com\/fr\/iberfoil-chauffe-moteurs\/#primaryimage","url":"https:\/\/www.iberfoil.com\/wp-content\/uploads\/2014\/07\/noticia-iberfoil-calienta-motores-300x210.jpg","contentUrl":"https:\/\/www.iberfoil.com\/wp-content\/uploads\/2014\/07\/noticia-iberfoil-calienta-motores-300x210.jpg","width":300,"height":210},{"@type":"BreadcrumbList","@id":"https:\/\/www.iberfoil.com\/fr\/iberfoil-chauffe-moteurs\/#breadcrumb","itemListElement":[{"@type":"ListItem","position":1,"name":"Portada","item":"https:\/\/www.iberfoil.com\/fr\/"},{"@type":"ListItem","position":2,"name":"IBERFOIL Chauffe Moteurs"}]},{"@type":"WebSite","@id":"https:\/\/www.iberfoil.com\/#website","url":"https:\/\/www.iberfoil.com\/","name":"Iberfoil","description":"Fabricaci\u00f3n de aluminio","publisher":{"@id":"https:\/\/www.iberfoil.com\/#organization"},"potentialAction":[{"@type":"SearchAction","target":{"@type":"EntryPoint","urlTemplate":"https:\/\/www.iberfoil.com\/?s={search_term_string}"},"query-input":{"@type":"PropertyValueSpecification","valueRequired":true,"valueName":"search_term_string"}}],"inLanguage":"fr-FR"},{"@type":"Organization","@id":"https:\/\/www.iberfoil.com\/#organization","name":"Iberfoil","url":"https:\/\/www.iberfoil.com\/","logo":{"@type":"ImageObject","inLanguage":"fr-FR","@id":"https:\/\/www.iberfoil.com\/#\/schema\/logo\/image\/","url":"https:\/\/www.iberfoil.com\/wp-content\/uploads\/2020\/06\/logo-iberfoil.png","contentUrl":"https:\/\/www.iberfoil.com\/wp-content\/uploads\/2020\/06\/logo-iberfoil.png","width":350,"height":198,"caption":"Iberfoil"},"image":{"@id":"https:\/\/www.iberfoil.com\/#\/schema\/logo\/image\/"}},{"@type":"Person","@id":"https:\/\/www.iberfoil.com\/#\/schema\/person\/723553d521d7f650c7e256eb7336739a","name":"jcalero","image":{"@type":"ImageObject","inLanguage":"fr-FR","@id":"https:\/\/secure.gravatar.com\/avatar\/abceab9496bb8b2c9afa5b7e5f1e0efe6926af4346a365da367f84b30e38ceed?s=96&d=mm&r=g","url":"https:\/\/secure.gravatar.com\/avatar\/abceab9496bb8b2c9afa5b7e5f1e0efe6926af4346a365da367f84b30e38ceed?s=96&d=mm&r=g","contentUrl":"https:\/\/secure.gravatar.com\/avatar\/abceab9496bb8b2c9afa5b7e5f1e0efe6926af4346a365da367f84b30e38ceed?s=96&d=mm&r=g","caption":"jcalero"},"sameAs":["http:\/\/iberfoil.evualahosting.es"],"url":"https:\/\/www.iberfoil.com\/fr\/author\/jcalero\/"}]}},"_links":{"self":[{"href":"https:\/\/www.iberfoil.com\/fr\/wp-json\/wp\/v2\/posts\/1046","targetHints":{"allow":["GET"]}}],"collection":[{"href":"https:\/\/www.iberfoil.com\/fr\/wp-json\/wp\/v2\/posts"}],"about":[{"href":"https:\/\/www.iberfoil.com\/fr\/wp-json\/wp\/v2\/types\/post"}],"author":[{"embeddable":true,"href":"https:\/\/www.iberfoil.com\/fr\/wp-json\/wp\/v2\/users\/1"}],"replies":[{"embeddable":true,"href":"https:\/\/www.iberfoil.com\/fr\/wp-json\/wp\/v2\/comments?post=1046"}],"version-history":[{"count":3,"href":"https:\/\/www.iberfoil.com\/fr\/wp-json\/wp\/v2\/posts\/1046\/revisions"}],"predecessor-version":[{"id":5405,"href":"https:\/\/www.iberfoil.com\/fr\/wp-json\/wp\/v2\/posts\/1046\/revisions\/5405"}],"wp:featuredmedia":[{"embeddable":true,"href":"https:\/\/www.iberfoil.com\/fr\/wp-json\/wp\/v2\/media\/4950"}],"wp:attachment":[{"href":"https:\/\/www.iberfoil.com\/fr\/wp-json\/wp\/v2\/media?parent=1046"}],"wp:term":[{"taxonomy":"category","embeddable":true,"href":"https:\/\/www.iberfoil.com\/fr\/wp-json\/wp\/v2\/categories?post=1046"},{"taxonomy":"post_tag","embeddable":true,"href":"https:\/\/www.iberfoil.com\/fr\/wp-json\/wp\/v2\/tags?post=1046"}],"curies":[{"name":"wp","href":"https:\/\/api.w.org\/{rel}","templated":true}]}}