{"id":6297,"date":"2023-04-28T09:39:06","date_gmt":"2023-04-28T09:39:06","guid":{"rendered":"https:\/\/www.iberfoil.com\/la-ministra-de-ciencia-e-innovacion-ha-visitado-la-fabrica-de-iberfoil-en-sabinanigo\/"},"modified":"2023-04-28T09:39:06","modified_gmt":"2023-04-28T09:39:06","slug":"la-ministra-de-ciencia-e-innovacion-ha-visitado-la-fabrica-de-iberfoil-en-sabinanigo","status":"publish","type":"post","link":"https:\/\/www.iberfoil.com\/fr\/la-ministra-de-ciencia-e-innovacion-ha-visitado-la-fabrica-de-iberfoil-en-sabinanigo\/","title":{"rendered":"THE MINISTER OF SCIENCE AND INNOVATION HAS VISITED THE IBERFOIL FACTORY IN SABI\u00d1\u00c1NIGO"},"content":{"rendered":"<p><strong>During her visit she was accompanied by the president of Iberfoil and Grupo Aliberico, Clemente Gonz\u00e1lez Soler, and other regional and local authorities.<\/strong><\/p>\n<p><strong>The company is developing the Iberfoil Integra project, a new plant that will produce 30,000 tons of green aluminium coils per year and will be a benchmark for the Circular Economy in Spain.<\/strong><\/p>\n<p>The <strong>Minister of Science and Innovation, Diana Morant,<\/strong> visited the <strong><a href=\"http:\/\/iberfoil.com\" target=\"_blank\" rel=\"noopener\">Iberfoil<\/a> factory in Sabi\u00f1\u00e1nigo (Huesca)<\/strong>, the <strong>only aluminium thin foil rolling company in Spain<\/strong>, specialised in very thin thicknesses, for the packaging, pharmaceutical and food sectors.<\/p>\n<p>During her visit to <strong><a href=\"http:\/\/iberfoil.com\" target=\"_blank\" rel=\"noopener\">Iberfoil<\/a><\/strong>&lsquo;s facilities, <strong>the minister was accompanied by the president of Iberfoil Aragon and president of Grupo Aliberico, Clemente Gonz\u00e1lez Soler,<\/strong> along with the mayoress of Sabi\u00f1\u00e1nigo, <strong>Berta Fern\u00e1ndez<\/strong>; the president of the Huesca Provincial Council, <strong>Miguel Gracia<\/strong>; the government delegate in Arag\u00f3n, <strong>Rosa Mar\u00eda Serrano<\/strong>; the councillor for Citizenship and Social Rights of the Government of Arag\u00f3n, <strong>Mar\u00eda Victoria Brito<\/strong>, and other local authorities.<\/p>\n<p>Grupo Aliberico acquired in 2014 the <strong><a href=\"http:\/\/iberfoil.com\" target=\"_blank\" rel=\"noopener\">Iberfoil<\/a><\/strong> factory in Sabi\u00f1\u00e1nigo, and made significant investments between 2017 and 2019 to equip it with a new cold rolling mill.<\/p>\n<p>A new project is currently in progress, called <a href=\"https:\/\/www.iberfoil.com\/fr\/iberfoil-integra-for-a-sustainable-world-and-industry\/\" target=\"_blank\" rel=\"noopener\"><strong>Iberfoil Integra<\/strong><\/a>, which consists of a new production plant on an adjacent 45,000 square metre site. This building will be equipped with <strong>five aluminium recycling furnaces and two continuous casting lines<\/strong> that will produce <strong>30,000 tons of green aluminium coils per year<\/strong>.<\/p>\n<p><a href=\"https:\/\/www.iberfoil.com\/fr\/iberfoil-integra-for-a-sustainable-world-and-industry\/\" target=\"_blank\" rel=\"noopener\"><strong>Iberfoil Integra<\/strong><\/a> will start test production in September 2023 and will be an industrial benchmark in the field of the <strong>Circular Economy in Spain<\/strong>, as it will recycle all the scrap generated by the 17 plants of the Grupo Aliberico in Spain, in addition to those from its own customers.\u00a0 This will enable it to achieve its autonomy in its raw material supply sources.<\/p>\n","protected":false},"excerpt":{"rendered":"<p>During her visit she was accompanied by the president of Iberfoil and Grupo Aliberico, Clemente Gonz\u00e1lez Soler, and other regional and local authorities. The company is developing the Iberfoil Integra project, a new plant that will produce 30,000 tons of green aluminium coils per year and will be a benchmark for the Circular Economy in [&hellip;]<\/p>\n","protected":false},"author":4,"featured_media":6285,"comment_status":"closed","ping_status":"closed","sticky":false,"template":"","format":"standard","meta":{"footnotes":""},"categories":[3],"tags":[],"class_list":["post-6297","post","type-post","status-publish","format-standard","has-post-thumbnail","hentry","category-nouvelles"],"yoast_head":"<!-- This site is optimized with the Yoast SEO plugin v27.2 - https:\/\/yoast.com\/product\/yoast-seo-wordpress\/ -->\n<title>THE MINISTER OF SCIENCE AND INNOVATION HAS VISITED THE IBERFOIL FACTORY IN SABI\u00d1\u00c1NIGO | Iberfoil<\/title>\n<meta name=\"robots\" content=\"index, follow, max-snippet:-1, max-image-preview:large, max-video-preview:-1\" \/>\n<link rel=\"canonical\" href=\"https:\/\/www.iberfoil.com\/fr\/la-ministra-de-ciencia-e-innovacion-ha-visitado-la-fabrica-de-iberfoil-en-sabinanigo\/\" \/>\n<meta property=\"og:locale\" content=\"fr_FR\" \/>\n<meta property=\"og:type\" content=\"article\" \/>\n<meta property=\"og:title\" content=\"THE MINISTER OF SCIENCE AND INNOVATION HAS VISITED THE IBERFOIL FACTORY IN SABI\u00d1\u00c1NIGO | Iberfoil\" \/>\n<meta property=\"og:description\" content=\"During her visit she was accompanied by the president of Iberfoil and Grupo Aliberico, Clemente Gonz\u00e1lez Soler, and other regional and local authorities. The company is developing the Iberfoil Integra project, a new plant that will produce 30,000 tons of green aluminium coils per year and will be a benchmark for the Circular Economy in [&hellip;]\" \/>\n<meta property=\"og:url\" content=\"https:\/\/www.iberfoil.com\/fr\/la-ministra-de-ciencia-e-innovacion-ha-visitado-la-fabrica-de-iberfoil-en-sabinanigo\/\" \/>\n<meta property=\"og:site_name\" content=\"Iberfoil\" \/>\n<meta property=\"article:published_time\" content=\"2023-04-28T09:39:06+00:00\" \/>\n<meta name=\"author\" content=\"Marketing Aliberico\" \/>\n<meta name=\"twitter:card\" content=\"summary_large_image\" \/>\n<meta name=\"twitter:label1\" content=\"\u00c9crit par\" \/>\n\t<meta name=\"twitter:data1\" content=\"Marketing Aliberico\" \/>\n\t<meta name=\"twitter:label2\" content=\"Dur\u00e9e de lecture estim\u00e9e\" \/>\n\t<meta name=\"twitter:data2\" content=\"2 minutes\" \/>\n<script type=\"application\/ld+json\" class=\"yoast-schema-graph\">{\"@context\":\"https:\/\/schema.org\",\"@graph\":[{\"@type\":\"Article\",\"@id\":\"https:\/\/www.iberfoil.com\/fr\/la-ministra-de-ciencia-e-innovacion-ha-visitado-la-fabrica-de-iberfoil-en-sabinanigo\/#article\",\"isPartOf\":{\"@id\":\"https:\/\/www.iberfoil.com\/fr\/la-ministra-de-ciencia-e-innovacion-ha-visitado-la-fabrica-de-iberfoil-en-sabinanigo\/\"},\"author\":{\"name\":\"Marketing Aliberico\",\"@id\":\"https:\/\/www.iberfoil.com\/#\/schema\/person\/3db1b3da7200d915be1cf5b9a1616131\"},\"headline\":\"THE MINISTER OF SCIENCE AND INNOVATION HAS VISITED THE IBERFOIL FACTORY IN SABI\u00d1\u00c1NIGO\",\"datePublished\":\"2023-04-28T09:39:06+00:00\",\"mainEntityOfPage\":{\"@id\":\"https:\/\/www.iberfoil.com\/fr\/la-ministra-de-ciencia-e-innovacion-ha-visitado-la-fabrica-de-iberfoil-en-sabinanigo\/\"},\"wordCount\":318,\"publisher\":{\"@id\":\"https:\/\/www.iberfoil.com\/#organization\"},\"image\":{\"@id\":\"https:\/\/www.iberfoil.com\/fr\/la-ministra-de-ciencia-e-innovacion-ha-visitado-la-fabrica-de-iberfoil-en-sabinanigo\/#primaryimage\"},\"thumbnailUrl\":\"https:\/\/www.iberfoil.com\/wp-content\/uploads\/2023\/04\/NP-Visita-Ministra-de-Ciencia-e-Innovacion-a-Iberfoil-27042023.jpg\",\"articleSection\":[\"Nouvelles\"],\"inLanguage\":\"fr-FR\"},{\"@type\":\"WebPage\",\"@id\":\"https:\/\/www.iberfoil.com\/fr\/la-ministra-de-ciencia-e-innovacion-ha-visitado-la-fabrica-de-iberfoil-en-sabinanigo\/\",\"url\":\"https:\/\/www.iberfoil.com\/fr\/la-ministra-de-ciencia-e-innovacion-ha-visitado-la-fabrica-de-iberfoil-en-sabinanigo\/\",\"name\":\"THE MINISTER OF SCIENCE AND INNOVATION HAS VISITED THE IBERFOIL FACTORY IN SABI\u00d1\u00c1NIGO | Iberfoil\",\"isPartOf\":{\"@id\":\"https:\/\/www.iberfoil.com\/#website\"},\"primaryImageOfPage\":{\"@id\":\"https:\/\/www.iberfoil.com\/fr\/la-ministra-de-ciencia-e-innovacion-ha-visitado-la-fabrica-de-iberfoil-en-sabinanigo\/#primaryimage\"},\"image\":{\"@id\":\"https:\/\/www.iberfoil.com\/fr\/la-ministra-de-ciencia-e-innovacion-ha-visitado-la-fabrica-de-iberfoil-en-sabinanigo\/#primaryimage\"},\"thumbnailUrl\":\"https:\/\/www.iberfoil.com\/wp-content\/uploads\/2023\/04\/NP-Visita-Ministra-de-Ciencia-e-Innovacion-a-Iberfoil-27042023.jpg\",\"datePublished\":\"2023-04-28T09:39:06+00:00\",\"breadcrumb\":{\"@id\":\"https:\/\/www.iberfoil.com\/fr\/la-ministra-de-ciencia-e-innovacion-ha-visitado-la-fabrica-de-iberfoil-en-sabinanigo\/#breadcrumb\"},\"inLanguage\":\"fr-FR\",\"potentialAction\":[{\"@type\":\"ReadAction\",\"target\":[\"https:\/\/www.iberfoil.com\/fr\/la-ministra-de-ciencia-e-innovacion-ha-visitado-la-fabrica-de-iberfoil-en-sabinanigo\/\"]}]},{\"@type\":\"ImageObject\",\"inLanguage\":\"fr-FR\",\"@id\":\"https:\/\/www.iberfoil.com\/fr\/la-ministra-de-ciencia-e-innovacion-ha-visitado-la-fabrica-de-iberfoil-en-sabinanigo\/#primaryimage\",\"url\":\"https:\/\/www.iberfoil.com\/wp-content\/uploads\/2023\/04\/NP-Visita-Ministra-de-Ciencia-e-Innovacion-a-Iberfoil-27042023.jpg\",\"contentUrl\":\"https:\/\/www.iberfoil.com\/wp-content\/uploads\/2023\/04\/NP-Visita-Ministra-de-Ciencia-e-Innovacion-a-Iberfoil-27042023.jpg\",\"width\":780,\"height\":320},{\"@type\":\"BreadcrumbList\",\"@id\":\"https:\/\/www.iberfoil.com\/fr\/la-ministra-de-ciencia-e-innovacion-ha-visitado-la-fabrica-de-iberfoil-en-sabinanigo\/#breadcrumb\",\"itemListElement\":[{\"@type\":\"ListItem\",\"position\":1,\"name\":\"Portada\",\"item\":\"https:\/\/www.iberfoil.com\/fr\/\"},{\"@type\":\"ListItem\",\"position\":2,\"name\":\"THE MINISTER OF SCIENCE AND INNOVATION HAS VISITED THE IBERFOIL FACTORY IN SABI\u00d1\u00c1NIGO\"}]},{\"@type\":\"WebSite\",\"@id\":\"https:\/\/www.iberfoil.com\/#website\",\"url\":\"https:\/\/www.iberfoil.com\/\",\"name\":\"Iberfoil\",\"description\":\"Fabricaci\u00f3n de aluminio\",\"publisher\":{\"@id\":\"https:\/\/www.iberfoil.com\/#organization\"},\"potentialAction\":[{\"@type\":\"SearchAction\",\"target\":{\"@type\":\"EntryPoint\",\"urlTemplate\":\"https:\/\/www.iberfoil.com\/?s={search_term_string}\"},\"query-input\":{\"@type\":\"PropertyValueSpecification\",\"valueRequired\":true,\"valueName\":\"search_term_string\"}}],\"inLanguage\":\"fr-FR\"},{\"@type\":\"Organization\",\"@id\":\"https:\/\/www.iberfoil.com\/#organization\",\"name\":\"Iberfoil\",\"url\":\"https:\/\/www.iberfoil.com\/\",\"logo\":{\"@type\":\"ImageObject\",\"inLanguage\":\"fr-FR\",\"@id\":\"https:\/\/www.iberfoil.com\/#\/schema\/logo\/image\/\",\"url\":\"https:\/\/www.iberfoil.com\/wp-content\/uploads\/2020\/06\/logo-iberfoil.png\",\"contentUrl\":\"https:\/\/www.iberfoil.com\/wp-content\/uploads\/2020\/06\/logo-iberfoil.png\",\"width\":350,\"height\":198,\"caption\":\"Iberfoil\"},\"image\":{\"@id\":\"https:\/\/www.iberfoil.com\/#\/schema\/logo\/image\/\"}},{\"@type\":\"Person\",\"@id\":\"https:\/\/www.iberfoil.com\/#\/schema\/person\/3db1b3da7200d915be1cf5b9a1616131\",\"name\":\"Marketing Aliberico\",\"image\":{\"@type\":\"ImageObject\",\"inLanguage\":\"fr-FR\",\"@id\":\"https:\/\/secure.gravatar.com\/avatar\/01b23e3907bb286b7c2e7c754c05a544371324a5b0c149dc31ff9fb892443b9f?s=96&d=mm&r=g\",\"url\":\"https:\/\/secure.gravatar.com\/avatar\/01b23e3907bb286b7c2e7c754c05a544371324a5b0c149dc31ff9fb892443b9f?s=96&d=mm&r=g\",\"contentUrl\":\"https:\/\/secure.gravatar.com\/avatar\/01b23e3907bb286b7c2e7c754c05a544371324a5b0c149dc31ff9fb892443b9f?s=96&d=mm&r=g\",\"caption\":\"Marketing Aliberico\"},\"url\":\"https:\/\/www.iberfoil.com\/fr\/author\/marketing\/\"}]}<\/script>\n<!-- \/ Yoast SEO plugin. -->","yoast_head_json":{"title":"THE MINISTER OF SCIENCE AND INNOVATION HAS VISITED THE IBERFOIL FACTORY IN SABI\u00d1\u00c1NIGO | Iberfoil","robots":{"index":"index","follow":"follow","max-snippet":"max-snippet:-1","max-image-preview":"max-image-preview:large","max-video-preview":"max-video-preview:-1"},"canonical":"https:\/\/www.iberfoil.com\/fr\/la-ministra-de-ciencia-e-innovacion-ha-visitado-la-fabrica-de-iberfoil-en-sabinanigo\/","og_locale":"fr_FR","og_type":"article","og_title":"THE MINISTER OF SCIENCE AND INNOVATION HAS VISITED THE IBERFOIL FACTORY IN SABI\u00d1\u00c1NIGO | Iberfoil","og_description":"During her visit she was accompanied by the president of Iberfoil and Grupo Aliberico, Clemente Gonz\u00e1lez Soler, and other regional and local authorities. The company is developing the Iberfoil Integra project, a new plant that will produce 30,000 tons of green aluminium coils per year and will be a benchmark for the Circular Economy in [&hellip;]","og_url":"https:\/\/www.iberfoil.com\/fr\/la-ministra-de-ciencia-e-innovacion-ha-visitado-la-fabrica-de-iberfoil-en-sabinanigo\/","og_site_name":"Iberfoil","article_published_time":"2023-04-28T09:39:06+00:00","author":"Marketing Aliberico","twitter_card":"summary_large_image","twitter_misc":{"\u00c9crit par":"Marketing Aliberico","Dur\u00e9e de lecture estim\u00e9e":"2 minutes"},"schema":{"@context":"https:\/\/schema.org","@graph":[{"@type":"Article","@id":"https:\/\/www.iberfoil.com\/fr\/la-ministra-de-ciencia-e-innovacion-ha-visitado-la-fabrica-de-iberfoil-en-sabinanigo\/#article","isPartOf":{"@id":"https:\/\/www.iberfoil.com\/fr\/la-ministra-de-ciencia-e-innovacion-ha-visitado-la-fabrica-de-iberfoil-en-sabinanigo\/"},"author":{"name":"Marketing Aliberico","@id":"https:\/\/www.iberfoil.com\/#\/schema\/person\/3db1b3da7200d915be1cf5b9a1616131"},"headline":"THE MINISTER OF SCIENCE AND INNOVATION HAS VISITED THE IBERFOIL FACTORY IN SABI\u00d1\u00c1NIGO","datePublished":"2023-04-28T09:39:06+00:00","mainEntityOfPage":{"@id":"https:\/\/www.iberfoil.com\/fr\/la-ministra-de-ciencia-e-innovacion-ha-visitado-la-fabrica-de-iberfoil-en-sabinanigo\/"},"wordCount":318,"publisher":{"@id":"https:\/\/www.iberfoil.com\/#organization"},"image":{"@id":"https:\/\/www.iberfoil.com\/fr\/la-ministra-de-ciencia-e-innovacion-ha-visitado-la-fabrica-de-iberfoil-en-sabinanigo\/#primaryimage"},"thumbnailUrl":"https:\/\/www.iberfoil.com\/wp-content\/uploads\/2023\/04\/NP-Visita-Ministra-de-Ciencia-e-Innovacion-a-Iberfoil-27042023.jpg","articleSection":["Nouvelles"],"inLanguage":"fr-FR"},{"@type":"WebPage","@id":"https:\/\/www.iberfoil.com\/fr\/la-ministra-de-ciencia-e-innovacion-ha-visitado-la-fabrica-de-iberfoil-en-sabinanigo\/","url":"https:\/\/www.iberfoil.com\/fr\/la-ministra-de-ciencia-e-innovacion-ha-visitado-la-fabrica-de-iberfoil-en-sabinanigo\/","name":"THE MINISTER OF SCIENCE AND INNOVATION HAS VISITED THE IBERFOIL FACTORY IN SABI\u00d1\u00c1NIGO | Iberfoil","isPartOf":{"@id":"https:\/\/www.iberfoil.com\/#website"},"primaryImageOfPage":{"@id":"https:\/\/www.iberfoil.com\/fr\/la-ministra-de-ciencia-e-innovacion-ha-visitado-la-fabrica-de-iberfoil-en-sabinanigo\/#primaryimage"},"image":{"@id":"https:\/\/www.iberfoil.com\/fr\/la-ministra-de-ciencia-e-innovacion-ha-visitado-la-fabrica-de-iberfoil-en-sabinanigo\/#primaryimage"},"thumbnailUrl":"https:\/\/www.iberfoil.com\/wp-content\/uploads\/2023\/04\/NP-Visita-Ministra-de-Ciencia-e-Innovacion-a-Iberfoil-27042023.jpg","datePublished":"2023-04-28T09:39:06+00:00","breadcrumb":{"@id":"https:\/\/www.iberfoil.com\/fr\/la-ministra-de-ciencia-e-innovacion-ha-visitado-la-fabrica-de-iberfoil-en-sabinanigo\/#breadcrumb"},"inLanguage":"fr-FR","potentialAction":[{"@type":"ReadAction","target":["https:\/\/www.iberfoil.com\/fr\/la-ministra-de-ciencia-e-innovacion-ha-visitado-la-fabrica-de-iberfoil-en-sabinanigo\/"]}]},{"@type":"ImageObject","inLanguage":"fr-FR","@id":"https:\/\/www.iberfoil.com\/fr\/la-ministra-de-ciencia-e-innovacion-ha-visitado-la-fabrica-de-iberfoil-en-sabinanigo\/#primaryimage","url":"https:\/\/www.iberfoil.com\/wp-content\/uploads\/2023\/04\/NP-Visita-Ministra-de-Ciencia-e-Innovacion-a-Iberfoil-27042023.jpg","contentUrl":"https:\/\/www.iberfoil.com\/wp-content\/uploads\/2023\/04\/NP-Visita-Ministra-de-Ciencia-e-Innovacion-a-Iberfoil-27042023.jpg","width":780,"height":320},{"@type":"BreadcrumbList","@id":"https:\/\/www.iberfoil.com\/fr\/la-ministra-de-ciencia-e-innovacion-ha-visitado-la-fabrica-de-iberfoil-en-sabinanigo\/#breadcrumb","itemListElement":[{"@type":"ListItem","position":1,"name":"Portada","item":"https:\/\/www.iberfoil.com\/fr\/"},{"@type":"ListItem","position":2,"name":"THE MINISTER OF SCIENCE AND INNOVATION HAS VISITED THE IBERFOIL FACTORY IN SABI\u00d1\u00c1NIGO"}]},{"@type":"WebSite","@id":"https:\/\/www.iberfoil.com\/#website","url":"https:\/\/www.iberfoil.com\/","name":"Iberfoil","description":"Fabricaci\u00f3n de aluminio","publisher":{"@id":"https:\/\/www.iberfoil.com\/#organization"},"potentialAction":[{"@type":"SearchAction","target":{"@type":"EntryPoint","urlTemplate":"https:\/\/www.iberfoil.com\/?s={search_term_string}"},"query-input":{"@type":"PropertyValueSpecification","valueRequired":true,"valueName":"search_term_string"}}],"inLanguage":"fr-FR"},{"@type":"Organization","@id":"https:\/\/www.iberfoil.com\/#organization","name":"Iberfoil","url":"https:\/\/www.iberfoil.com\/","logo":{"@type":"ImageObject","inLanguage":"fr-FR","@id":"https:\/\/www.iberfoil.com\/#\/schema\/logo\/image\/","url":"https:\/\/www.iberfoil.com\/wp-content\/uploads\/2020\/06\/logo-iberfoil.png","contentUrl":"https:\/\/www.iberfoil.com\/wp-content\/uploads\/2020\/06\/logo-iberfoil.png","width":350,"height":198,"caption":"Iberfoil"},"image":{"@id":"https:\/\/www.iberfoil.com\/#\/schema\/logo\/image\/"}},{"@type":"Person","@id":"https:\/\/www.iberfoil.com\/#\/schema\/person\/3db1b3da7200d915be1cf5b9a1616131","name":"Marketing Aliberico","image":{"@type":"ImageObject","inLanguage":"fr-FR","@id":"https:\/\/secure.gravatar.com\/avatar\/01b23e3907bb286b7c2e7c754c05a544371324a5b0c149dc31ff9fb892443b9f?s=96&d=mm&r=g","url":"https:\/\/secure.gravatar.com\/avatar\/01b23e3907bb286b7c2e7c754c05a544371324a5b0c149dc31ff9fb892443b9f?s=96&d=mm&r=g","contentUrl":"https:\/\/secure.gravatar.com\/avatar\/01b23e3907bb286b7c2e7c754c05a544371324a5b0c149dc31ff9fb892443b9f?s=96&d=mm&r=g","caption":"Marketing Aliberico"},"url":"https:\/\/www.iberfoil.com\/fr\/author\/marketing\/"}]}},"_links":{"self":[{"href":"https:\/\/www.iberfoil.com\/fr\/wp-json\/wp\/v2\/posts\/6297","targetHints":{"allow":["GET"]}}],"collection":[{"href":"https:\/\/www.iberfoil.com\/fr\/wp-json\/wp\/v2\/posts"}],"about":[{"href":"https:\/\/www.iberfoil.com\/fr\/wp-json\/wp\/v2\/types\/post"}],"author":[{"embeddable":true,"href":"https:\/\/www.iberfoil.com\/fr\/wp-json\/wp\/v2\/users\/4"}],"replies":[{"embeddable":true,"href":"https:\/\/www.iberfoil.com\/fr\/wp-json\/wp\/v2\/comments?post=6297"}],"version-history":[{"count":0,"href":"https:\/\/www.iberfoil.com\/fr\/wp-json\/wp\/v2\/posts\/6297\/revisions"}],"wp:featuredmedia":[{"embeddable":true,"href":"https:\/\/www.iberfoil.com\/fr\/wp-json\/wp\/v2\/media\/6285"}],"wp:attachment":[{"href":"https:\/\/www.iberfoil.com\/fr\/wp-json\/wp\/v2\/media?parent=6297"}],"wp:term":[{"taxonomy":"category","embeddable":true,"href":"https:\/\/www.iberfoil.com\/fr\/wp-json\/wp\/v2\/categories?post=6297"},{"taxonomy":"post_tag","embeddable":true,"href":"https:\/\/www.iberfoil.com\/fr\/wp-json\/wp\/v2\/tags?post=6297"}],"curies":[{"name":"wp","href":"https:\/\/api.w.org\/{rel}","templated":true}]}}